{"id":6244,"date":"2026-04-30T08:47:49","date_gmt":"2026-04-30T08:47:49","guid":{"rendered":"https:\/\/berdintasuna.euskaletxeak.eus\/?p=6244"},"modified":"2026-04-30T08:48:12","modified_gmt":"2026-04-30T08:48:12","slug":"mexico-71-el-mundial-femenil-que-el-machismo-oculto-mas-de-medio-siglo","status":"publish","type":"post","link":"https:\/\/berdintasuna.euskaletxeak.eus\/es\/mexico-71-el-mundial-femenil-que-el-machismo-oculto-mas-de-medio-siglo\/","title":{"rendered":"M\u00e9xico 71: el Mundial femenino que el machismo ocult\u00f3 m\u00e1s de medio siglo"},"content":{"rendered":"<p>Fuente: <a href=\"https:\/\/efeminista.com\/mexico-71-mundial-femenino-machismo-oculto-medio-siglo\/\">efeminista<\/a><\/p>\n","protected":false},"excerpt":{"rendered":"<p>Fuente: efeminista<\/p>\n","protected":false},"author":6,"featured_media":6245,"comment_status":"closed","ping_status":"closed","sticky":false,"template":"","format":"standard","meta":{"footnotes":""},"categories":[44],"tags":[],"class_list":["post-6244","post","type-post","status-publish","format-standard","has-post-thumbnail","hentry","category-otros"],"_links":{"self":[{"href":"https:\/\/berdintasuna.euskaletxeak.eus\/es\/wp-json\/wp\/v2\/posts\/6244","targetHints":{"allow":["GET"]}}],"collection":[{"href":"https:\/\/berdintasuna.euskaletxeak.eus\/es\/wp-json\/wp\/v2\/posts"}],"about":[{"href":"https:\/\/berdintasuna.euskaletxeak.eus\/es\/wp-json\/wp\/v2\/types\/post"}],"author":[{"embeddable":true,"href":"https:\/\/berdintasuna.euskaletxeak.eus\/es\/wp-json\/wp\/v2\/users\/6"}],"replies":[{"embeddable":true,"href":"https:\/\/berdintasuna.euskaletxeak.eus\/es\/wp-json\/wp\/v2\/comments?post=6244"}],"version-history":[{"count":2,"href":"https:\/\/berdintasuna.euskaletxeak.eus\/es\/wp-json\/wp\/v2\/posts\/6244\/revisions"}],"predecessor-version":[{"id":6250,"href":"https:\/\/berdintasuna.euskaletxeak.eus\/es\/wp-json\/wp\/v2\/posts\/6244\/revisions\/6250"}],"wp:featuredmedia":[{"embeddable":true,"href":"https:\/\/berdintasuna.euskaletxeak.eus\/es\/wp-json\/wp\/v2\/media\/6245"}],"wp:attachment":[{"href":"https:\/\/berdintasuna.euskaletxeak.eus\/es\/wp-json\/wp\/v2\/media?parent=6244"}],"wp:term":[{"taxonomy":"category","embeddable":true,"href":"https:\/\/berdintasuna.euskaletxeak.eus\/es\/wp-json\/wp\/v2\/categories?post=6244"},{"taxonomy":"post_tag","embeddable":true,"href":"https:\/\/berdintasuna.euskaletxeak.eus\/es\/wp-json\/wp\/v2\/tags?post=6244"}],"curies":[{"name":"wp","href":"https:\/\/api.w.org\/{rel}","templated":true}]}}